{"id":484,"date":"2020-01-01T17:22:05","date_gmt":"2020-01-01T16:22:05","guid":{"rendered":"https:\/\/evelyne-jardin.fr\/?p=484"},"modified":"2021-10-12T19:50:29","modified_gmt":"2021-10-12T17:50:29","slug":"chronologie-projets-tuteures-universite-nanterre","status":"publish","type":"post","link":"https:\/\/evelyne-jardin.fr\/index.php\/2020\/01\/01\/chronologie-projets-tuteures-universite-nanterre\/","title":{"rendered":"Petite chronologie des projets tuteur\u00e9s"},"content":{"rendered":"\n<h2 class=\"wp-block-heading\">Depuis 2015, Evelyne Jardin pilote les projets tuteur\u00e9s d&rsquo;\u00e9tudiants en Master 1 Humanit\u00e9s et Industries Cr\u00e9atives \u00e0 l&rsquo;universit\u00e9 Paris Nanterre.<\/h2>\n\n\n\n<p>Ces projets tuteur\u00e9s permettent aux \u00e9tudiants de mettre en application les principes re\u00e7us pendant les cours de communication. Et ils font d\u00e9couvrir \u00e0 nos \u00e9tudiants des <strong>nouvelles techniques de communication<\/strong>.<\/p>\n\n\n\n<figure data-carousel-extra='{\"blog_id\":1,\"permalink\":\"https:\\\/\\\/evelyne-jardin.fr\\\/index.php\\\/2020\\\/01\\\/01\\\/chronologie-projets-tuteures-universite-nanterre\\\/\"}'  class=\"wp-block-gallery columns-2 is-cropped wp-block-gallery-1 is-layout-flex wp-block-gallery-is-layout-flex\"><ul class=\"blocks-gallery-grid\"><li class=\"blocks-gallery-item\"><figure><img data-attachment-id=\"398\" data-permalink=\"https:\/\/evelyne-jardin.fr\/banniere-twitter-win\/\" data-orig-file=\"https:\/\/i0.wp.com\/evelyne-jardin.fr\/wp-content\/uploads\/2017\/12\/BANNIERE-TWITTER-WIN.png?fit=1500%2C500&amp;ssl=1\" data-orig-size=\"1500,500\" data-comments-opened=\"1\" data-image-meta=\"{&quot;aperture&quot;:&quot;0&quot;,&quot;credit&quot;:&quot;&quot;,&quot;camera&quot;:&quot;&quot;,&quot;caption&quot;:&quot;&quot;,&quot;created_timestamp&quot;:&quot;0&quot;,&quot;copyright&quot;:&quot;&quot;,&quot;focal_length&quot;:&quot;0&quot;,&quot;iso&quot;:&quot;0&quot;,&quot;shutter_speed&quot;:&quot;0&quot;,&quot;title&quot;:&quot;&quot;,&quot;orientation&quot;:&quot;0&quot;}\" data-image-title=\"Exposition Women In Num\u00e9rique (WIN)\" data-image-description=\"&lt;p&gt;Venez d\u00e9couvrir 13 portraits de femmes, du 6 au 22 d\u00e9cembre \u00e0 l&amp;rsquo;Agora de Nanterre&lt;\/p&gt;\n\" data-image-caption=\"&lt;p&gt;Cr\u00e9dit : fait par mes \u00e9tudiants en Master 1 HIC-CPO&lt;\/p&gt;\n\" data-medium-file=\"https:\/\/i0.wp.com\/evelyne-jardin.fr\/wp-content\/uploads\/2017\/12\/BANNIERE-TWITTER-WIN.png?fit=300%2C100&amp;ssl=1\" data-large-file=\"https:\/\/i0.wp.com\/evelyne-jardin.fr\/wp-content\/uploads\/2017\/12\/BANNIERE-TWITTER-WIN.png?fit=1024%2C341&amp;ssl=1\" decoding=\"async\" loading=\"lazy\" width=\"1024\" height=\"341\" src=\"https:\/\/i0.wp.com\/evelyne-jardin.fr\/wp-content\/uploads\/2017\/12\/BANNIERE-TWITTER-WIN.png?resize=1024%2C341&#038;ssl=1\" alt=\"Image de l'exposition Women In Num\u00e9rique\" data-id=\"398\" data-full-url=\"https:\/\/evelyne-jardin.fr\/wp-content\/uploads\/2017\/12\/BANNIERE-TWITTER-WIN.png\" data-link=\"https:\/\/evelyne-jardin.fr\/index.php\/2017\/12\/03\/exposition-women-in-numerique-nanterre\/banniere-twitter-win\/\" class=\"wp-image-398\" srcset=\"https:\/\/i0.wp.com\/evelyne-jardin.fr\/wp-content\/uploads\/2017\/12\/BANNIERE-TWITTER-WIN.png?resize=1024%2C341&amp;ssl=1 1024w, https:\/\/i0.wp.com\/evelyne-jardin.fr\/wp-content\/uploads\/2017\/12\/BANNIERE-TWITTER-WIN.png?resize=300%2C100&amp;ssl=1 300w, https:\/\/i0.wp.com\/evelyne-jardin.fr\/wp-content\/uploads\/2017\/12\/BANNIERE-TWITTER-WIN.png?resize=768%2C256&amp;ssl=1 768w, https:\/\/i0.wp.com\/evelyne-jardin.fr\/wp-content\/uploads\/2017\/12\/BANNIERE-TWITTER-WIN.png?w=1500&amp;ssl=1 1500w\" sizes=\"(max-width: 1024px) 100vw, 1024px\" data-recalc-dims=\"1\" \/><figcaption class=\"blocks-gallery-item__caption\"> Source : l&rsquo;exposition faite par les \u00e9tudiants en Master 1 HIC-CPO, d\u00e9cembre 2017<\/figcaption><\/figure><\/li><li class=\"blocks-gallery-item\"><figure><img data-attachment-id=\"489\" data-permalink=\"https:\/\/evelyne-jardin.fr\/index.php\/2020\/01\/01\/chronologie-projets-tuteures-universite-nanterre\/banniere-escape-game-fin\/\" data-orig-file=\"https:\/\/i0.wp.com\/evelyne-jardin.fr\/wp-content\/uploads\/2020\/01\/banniere-escape-game-fin.jpg?fit=1048%2C214&amp;ssl=1\" data-orig-size=\"1048,214\" data-comments-opened=\"1\" data-image-meta=\"{&quot;aperture&quot;:&quot;0&quot;,&quot;credit&quot;:&quot;&quot;,&quot;camera&quot;:&quot;&quot;,&quot;caption&quot;:&quot;&quot;,&quot;created_timestamp&quot;:&quot;0&quot;,&quot;copyright&quot;:&quot;&quot;,&quot;focal_length&quot;:&quot;0&quot;,&quot;iso&quot;:&quot;0&quot;,&quot;shutter_speed&quot;:&quot;0&quot;,&quot;title&quot;:&quot;&quot;,&quot;orientation&quot;:&quot;0&quot;}\" data-image-title=\"Le projet d&amp;rsquo;escape game Nanterre pas ta plan\u00e8te\" data-image-description=\"\" data-image-caption=\"&lt;p&gt;Cr\u00e9dit : les \u00e9tudiants en Master 1, d\u00e9cembre 2019&lt;\/p&gt;\n\" data-medium-file=\"https:\/\/i0.wp.com\/evelyne-jardin.fr\/wp-content\/uploads\/2020\/01\/banniere-escape-game-fin.jpg?fit=300%2C61&amp;ssl=1\" data-large-file=\"https:\/\/i0.wp.com\/evelyne-jardin.fr\/wp-content\/uploads\/2020\/01\/banniere-escape-game-fin.jpg?fit=1024%2C209&amp;ssl=1\" decoding=\"async\" loading=\"lazy\" width=\"1024\" height=\"209\" src=\"https:\/\/i0.wp.com\/evelyne-jardin.fr\/wp-content\/uploads\/2020\/01\/banniere-escape-game-fin.jpg?resize=1024%2C209&#038;ssl=1\" alt=\"Banni\u00e8re Facebook du projet tuteur\u00e9 Nanterre pas ta plan\u00e8te\" data-id=\"489\" data-full-url=\"https:\/\/evelyne-jardin.fr\/wp-content\/uploads\/2020\/01\/banniere-escape-game-fin.jpg\" data-link=\"https:\/\/evelyne-jardin.fr\/index.php\/2020\/01\/01\/chronologie-projets-tuteures-universite-nanterre\/banniere-escape-game-fin\/\" class=\"wp-image-489\" srcset=\"https:\/\/i0.wp.com\/evelyne-jardin.fr\/wp-content\/uploads\/2020\/01\/banniere-escape-game-fin.jpg?resize=1024%2C209&amp;ssl=1 1024w, https:\/\/i0.wp.com\/evelyne-jardin.fr\/wp-content\/uploads\/2020\/01\/banniere-escape-game-fin.jpg?resize=300%2C61&amp;ssl=1 300w, https:\/\/i0.wp.com\/evelyne-jardin.fr\/wp-content\/uploads\/2020\/01\/banniere-escape-game-fin.jpg?resize=768%2C157&amp;ssl=1 768w, https:\/\/i0.wp.com\/evelyne-jardin.fr\/wp-content\/uploads\/2020\/01\/banniere-escape-game-fin.jpg?w=1048&amp;ssl=1 1048w\" sizes=\"(max-width: 1024px) 100vw, 1024px\" data-recalc-dims=\"1\" \/><figcaption class=\"blocks-gallery-item__caption\">Cr\u00e9dit : les \u00e9tudiants en Master 1, d\u00e9cembre 2019<\/figcaption><\/figure><\/li><\/ul><figcaption class=\"blocks-gallery-caption\">Deux projets tuteur\u00e9s<\/figcaption><\/figure>\n\n\n\n<ul><li>Projet 2015 &#8211; 2016 : ils planchent sur des cas de communication Web pour des associations.<\/li><li>Projet 2016 &#8211; 2017 : ils cr\u00e9ent des blogues sur une exposition d&rsquo;art contemporain pour l&rsquo;espace d&rsquo;art <a rel=\"noreferrer noopener\" href=\"http:\/\/www.nanterre.fr\/1499-la-terrasse-espace-d-art.htm\" target=\"_blank\">La Terrasse<\/a>.<\/li><li>Projet 2017 &#8211; 2018 : ils montent de A \u00e0 Z une <strong>exposition r\u00e9elle et virtuelle<\/strong> sur le th\u00e8me des femmes et du num\u00e9rique pour le festival <a rel=\"noreferrer noopener\" href=\"http:\/\/www.nanterredigital.fr\/\" target=\"_blank\">Nanterre Digital<\/a>.<\/li><li>Projet 2018 &#8211; 2019 : ils cr\u00e9ent \u00ab\u00a0<a href=\"https:\/\/comhumanitesnanterre.wordpress.com\/2018\/11\/23\/escape-game-solidaire-a-luniversite-de-nanterre\/\">Nanterre Pas ta plan\u00e8te<\/a>\u00ab\u00a0, un <em>espace game<\/em> sur le th\u00e8me du d\u00e9veloppement durable dans le cadre du Festisol, festival des solidarit\u00e9s.<br>C&rsquo;est le <strong>premier <em>escape game<\/em><\/strong> cr\u00e9\u00e9 par des \u00e9tudiants pour les \u00e9tudiants de l&rsquo;universit\u00e9 Paris Nanterre.<\/li><li>Projet 2019 &#8211; 2020 :  les \u00e9tudiantes planchent pour des associations culturelles sur leur communication Web et Print. S&rsquo;y ajoute une <strong>initiation \u00e0 la fabrication num\u00e9rique<\/strong> (d\u00e9coupe laser) orchestr\u00e9e par le hackerspace Electrolab.<\/li><li>Projet 2020 &#8211; 2021 : les \u00e9tudiants cr\u00e9ent <a rel=\"noreferrer noopener\" aria-label=\"PODFAC (s\u2019ouvre dans un nouvel onglet)\" href=\"https:\/\/soundcloud.com\/master_cpo\" target=\"_blank\">PODFAC<\/a>, une s\u00e9rie de podcasts sur les coulisses de l&rsquo;universit\u00e9<\/li><li>Projet 2020 &#8211; 2022 : ils planchent pour des associations culturelles sur leur communication num\u00e9rique<\/li><\/ul>\n\n\n\n<figure class=\"wp-block-embed-twitter wp-block-embed is-type-rich is-provider-twitter\"><div class=\"wp-block-embed__wrapper\">\n<blockquote class=\"twitter-tweet\" data-width=\"550\" data-dnt=\"true\"><p lang=\"fr\" dir=\"ltr\">Ravie que nos \u00e9tudiantes en Master 1 Humanit\u00e9s et Industries cr\u00e9atives <a href=\"https:\/\/twitter.com\/UParisNanterre?ref_src=twsrc%5Etfw\">@UParisNanterre<\/a> planchent sur votre communication <a href=\"https:\/\/twitter.com\/hashtag\/enseignement?src=hash&amp;ref_src=twsrc%5Etfw\">#enseignement<\/a> <a href=\"https:\/\/twitter.com\/hashtag\/Universite?src=hash&amp;ref_src=twsrc%5Etfw\">#Universite<\/a> <a href=\"https:\/\/twitter.com\/hashtag\/communication?src=hash&amp;ref_src=twsrc%5Etfw\">#communication<\/a> <a href=\"https:\/\/twitter.com\/hashtag\/ICC?src=hash&amp;ref_src=twsrc%5Etfw\">#ICC<\/a> <a href=\"https:\/\/twitter.com\/hashtag\/humanites?src=hash&amp;ref_src=twsrc%5Etfw\">#humanites<\/a> <a href=\"https:\/\/t.co\/mVrXzP63Ud\">https:\/\/t.co\/mVrXzP63Ud<\/a><\/p>&mdash; Dr Evelyne Jardin (@EvelyneJardin) <a href=\"https:\/\/twitter.com\/EvelyneJardin\/status\/1445020358936047621?ref_src=twsrc%5Etfw\">October 4, 2021<\/a><\/blockquote><script async src=\"https:\/\/platform.twitter.com\/widgets.js\" charset=\"utf-8\"><\/script>\n<\/div><\/figure>\n\n\n\n<p>Les projets se <strong>renouvellent chaque ann\u00e9e<\/strong> en tenant compte des avis exprim\u00e9s par nos \u00e9tudiants et nos partenaires.<\/p>\n\n\n\n<p class=\"has-text-align-center\">Pour en savoir plus sur les activit\u00e9s d&rsquo;<strong>enseignante \u00e0 l&rsquo;universit\u00e9 Paris Nanterre<\/strong>, consultez la page \u00ab\u00a0<a href=\"https:\/\/evelyne-jardin.fr\/index.php\/projets-pedagogiques\/\">Projets p\u00e9dagogiques<\/a>\u00ab\u00a0.<\/p>\n","protected":false},"excerpt":{"rendered":"<p>Depuis 2015, Evelyne Jardin pilote les projets tuteur\u00e9s d&rsquo;\u00e9tudiants en Master 1 Humanit\u00e9s et Industries Cr\u00e9atives \u00e0 l&rsquo;universit\u00e9 Paris Nanterre.<\/p>\n","protected":false},"author":1,"featured_media":398,"comment_status":"closed","ping_status":"open","sticky":false,"template":"","format":"standard","meta":{"jetpack_post_was_ever_published":false,"_jetpack_newsletter_access":"","footnotes":"","jetpack_publicize_message":"","jetpack_is_tweetstorm":false,"jetpack_publicize_feature_enabled":true,"jetpack_social_post_already_shared":true,"jetpack_social_options":{"image_generator_settings":{"template":"highway","enabled":false}}},"categories":[8],"tags":[35,7,4,53,58,56,59,57],"jetpack_publicize_connections":[],"jetpack_featured_media_url":"https:\/\/i0.wp.com\/evelyne-jardin.fr\/wp-content\/uploads\/2017\/12\/BANNIERE-TWITTER-WIN.png?fit=1500%2C500&ssl=1","jetpack_sharing_enabled":true,"jetpack_shortlink":"https:\/\/wp.me\/p9icIM-7O","jetpack-related-posts":[{"id":500,"url":"https:\/\/evelyne-jardin.fr\/index.php\/2020\/01\/01\/2019-mes-articles-sur-la-communication-des-associations\/","url_meta":{"origin":484,"position":0},"title":"2019 : des articles sur la communication des associations","author":"Evelyne","date":"1 janvier 2020","format":false,"excerpt":"Petit coup de projecteur sur tous les articles publi\u00e9s par Evelyne Jardin, en 2019, pour le site Associath\u00e8que.","rel":"","context":"Dans &quot;Actualit\u00e9s&quot;","block_context":{"text":"Actualit\u00e9s","link":"https:\/\/evelyne-jardin.fr\/index.php\/category\/actualites\/"},"img":{"alt_text":"","src":"","width":0,"height":0},"classes":[]},{"id":295,"url":"https:\/\/evelyne-jardin.fr\/index.php\/2017\/10\/15\/evelyne-jardin-souhaite-bienvenue\/","url_meta":{"origin":484,"position":1},"title":"Evelyne Jardin vous souhaite la bienvenue","author":"evelyne Jardin","date":"15 octobre 2017","format":false,"excerpt":"On conna\u00eet l'adage : les cordonniers sont toujours les plus mal chauss\u00e9s ! Voici, enfin, le site d'Evelyne Jardin fait maison Mes prestations Vous y trouverez l'ensemble de mes prestations : des formations en communication \u00e0 la r\u00e9daction en passant par l'ing\u00e9nierie de formation. Membres d'association, \u00e9tudiants en Master ou\u2026","rel":"","context":"Dans &quot;Actualit\u00e9s&quot;","block_context":{"text":"Actualit\u00e9s","link":"https:\/\/evelyne-jardin.fr\/index.php\/category\/actualites\/"},"img":{"alt_text":"Photo portrait d'Evelyne Jardin","src":"https:\/\/i0.wp.com\/evelyne-jardin.fr\/wp-content\/uploads\/2017\/05\/Evelyne-Jardin.jpg?fit=680%2C1020&ssl=1&resize=350%2C200","width":350,"height":200,"srcset":"https:\/\/i0.wp.com\/evelyne-jardin.fr\/wp-content\/uploads\/2017\/05\/Evelyne-Jardin.jpg?fit=680%2C1020&ssl=1&resize=350%2C200 1x, https:\/\/i0.wp.com\/evelyne-jardin.fr\/wp-content\/uploads\/2017\/05\/Evelyne-Jardin.jpg?fit=680%2C1020&ssl=1&resize=525%2C300 1.5x"},"classes":[]},{"id":567,"url":"https:\/\/evelyne-jardin.fr\/index.php\/2021\/10\/12\/2021-formation-associations\/","url_meta":{"origin":484,"position":2},"title":"2021 : des formations pour les associations","author":"Evelyne","date":"12 octobre 2021","format":false,"excerpt":"Pour le service Vie associative de la ville de Nanterre, Evelyne Jardin anime des formations \u00e0 la communication num\u00e9rique.","rel":"","context":"Dans &quot;Actualit\u00e9s&quot;","block_context":{"text":"Actualit\u00e9s","link":"https:\/\/evelyne-jardin.fr\/index.php\/category\/actualites\/"},"img":{"alt_text":"","src":"https:\/\/i0.wp.com\/evelyne-jardin.fr\/wp-content\/uploads\/2021\/10\/formation-strategie-communication-evelyne-jardin-2021.png?fit=1200%2C675&ssl=1&resize=350%2C200","width":350,"height":200,"srcset":"https:\/\/i0.wp.com\/evelyne-jardin.fr\/wp-content\/uploads\/2021\/10\/formation-strategie-communication-evelyne-jardin-2021.png?fit=1200%2C675&ssl=1&resize=350%2C200 1x, https:\/\/i0.wp.com\/evelyne-jardin.fr\/wp-content\/uploads\/2021\/10\/formation-strategie-communication-evelyne-jardin-2021.png?fit=1200%2C675&ssl=1&resize=525%2C300 1.5x, https:\/\/i0.wp.com\/evelyne-jardin.fr\/wp-content\/uploads\/2021\/10\/formation-strategie-communication-evelyne-jardin-2021.png?fit=1200%2C675&ssl=1&resize=700%2C400 2x, https:\/\/i0.wp.com\/evelyne-jardin.fr\/wp-content\/uploads\/2021\/10\/formation-strategie-communication-evelyne-jardin-2021.png?fit=1200%2C675&ssl=1&resize=1050%2C600 3x"},"classes":[]},{"id":58,"url":"https:\/\/evelyne-jardin.fr\/index.php\/2016\/12\/01\/etudiant-medecine-lyon\/","url_meta":{"origin":484,"position":3},"title":"A Lyon, des \u00e9tudiants en m\u00e9decine soignent leurs cours","author":"evelyne Jardin","date":"1 d\u00e9cembre 2016","format":false,"excerpt":"Des carabins de la facult\u00e9 de m\u00e9decine de Lyon s'activent, depuis 2013, pour r\u00e9nover leurs cours. Soutenus par leur doyen et des enseignants, ils ont r\u00e9ussi \u00e0 impulser d'importants changements. Rencontre avec Paul, \u00e9tudiant en 3e ann\u00e9e. Lire la suite sur Thot Cursus :\u00a0http:\/\/cursus.edu\/dossiers-articles\/articles\/28180\/des-etudiants-medecine-soignent-leurs-cours\/","rel":"","context":"Dans &quot;Actualit\u00e9s&quot;","block_context":{"text":"Actualit\u00e9s","link":"https:\/\/evelyne-jardin.fr\/index.php\/category\/actualites\/"},"img":{"alt_text":"Photo d'\u00e9tudiants en m\u00e9decine \u00e0 l'universit\u00e9 de Lyon s'entra\u00eenant sur un mannequin","src":"https:\/\/i0.wp.com\/evelyne-jardin.fr\/wp-content\/uploads\/2017\/05\/Faculte-medecine-lyon.png?fit=420%2C234&ssl=1&resize=350%2C200","width":350,"height":200},"classes":[]},{"id":481,"url":"https:\/\/evelyne-jardin.fr\/index.php\/2020\/01\/01\/janvier-2020-formations-communication-association\/","url_meta":{"origin":484,"position":4},"title":"D\u00e9but 2020, formations \u00e0 la communication","author":"Evelyne","date":"1 janvier 2020","format":false,"excerpt":"Dates des formations d'Evelyne Jardin en janvier, f\u00e9vrier et mars 2020. Pour les associations de Nanterre.","rel":"","context":"Dans &quot;Actualit\u00e9s&quot;","block_context":{"text":"Actualit\u00e9s","link":"https:\/\/evelyne-jardin.fr\/index.php\/category\/actualites\/"},"img":{"alt_text":"","src":"https:\/\/i0.wp.com\/evelyne-jardin.fr\/wp-content\/uploads\/2020\/01\/logo-lef.png?fit=808%2C750&ssl=1&resize=350%2C200","width":350,"height":200,"srcset":"https:\/\/i0.wp.com\/evelyne-jardin.fr\/wp-content\/uploads\/2020\/01\/logo-lef.png?fit=808%2C750&ssl=1&resize=350%2C200 1x, https:\/\/i0.wp.com\/evelyne-jardin.fr\/wp-content\/uploads\/2020\/01\/logo-lef.png?fit=808%2C750&ssl=1&resize=525%2C300 1.5x, https:\/\/i0.wp.com\/evelyne-jardin.fr\/wp-content\/uploads\/2020\/01\/logo-lef.png?fit=808%2C750&ssl=1&resize=700%2C400 2x"},"classes":[]},{"id":68,"url":"https:\/\/evelyne-jardin.fr\/index.php\/2016\/09\/19\/interview-berthiaume\/","url_meta":{"origin":484,"position":5},"title":"Denis Berthiaume et la p\u00e9dagogie universitaire","author":"evelyne Jardin","date":"19 septembre 2016","format":false,"excerpt":"Pour Denis Berthiaume, les \u00e9tudiants sont comme des crocodiles : impassibles, donnant l'impression de ne pas suivre le cours et puis, d'un coup, clac ! Ils se mettent \u00e0 poser des questions pertinentes. Sp\u00e9cialiste de la psychologie de l'\u00e9ducation, le vice-recteur de la Haute \u00e9cole sp\u00e9cialis\u00e9e de Suisse occidentale livre\u2026","rel":"","context":"Dans &quot;Actualit\u00e9s&quot;","block_context":{"text":"Actualit\u00e9s","link":"https:\/\/evelyne-jardin.fr\/index.php\/category\/actualites\/"},"img":{"alt_text":"Photo portrait de Denis Berthiaume","src":"https:\/\/i0.wp.com\/evelyne-jardin.fr\/wp-content\/uploads\/2017\/05\/denis-berthiaume.jpg?fit=413%2C530&ssl=1&resize=350%2C200","width":350,"height":200},"classes":[]}],"_links":{"self":[{"href":"https:\/\/evelyne-jardin.fr\/index.php\/wp-json\/wp\/v2\/posts\/484"}],"collection":[{"href":"https:\/\/evelyne-jardin.fr\/index.php\/wp-json\/wp\/v2\/posts"}],"about":[{"href":"https:\/\/evelyne-jardin.fr\/index.php\/wp-json\/wp\/v2\/types\/post"}],"author":[{"embeddable":true,"href":"https:\/\/evelyne-jardin.fr\/index.php\/wp-json\/wp\/v2\/users\/1"}],"replies":[{"embeddable":true,"href":"https:\/\/evelyne-jardin.fr\/index.php\/wp-json\/wp\/v2\/comments?post=484"}],"version-history":[{"count":10,"href":"https:\/\/evelyne-jardin.fr\/index.php\/wp-json\/wp\/v2\/posts\/484\/revisions"}],"predecessor-version":[{"id":566,"href":"https:\/\/evelyne-jardin.fr\/index.php\/wp-json\/wp\/v2\/posts\/484\/revisions\/566"}],"wp:featuredmedia":[{"embeddable":true,"href":"https:\/\/evelyne-jardin.fr\/index.php\/wp-json\/wp\/v2\/media\/398"}],"wp:attachment":[{"href":"https:\/\/evelyne-jardin.fr\/index.php\/wp-json\/wp\/v2\/media?parent=484"}],"wp:term":[{"taxonomy":"category","embeddable":true,"href":"https:\/\/evelyne-jardin.fr\/index.php\/wp-json\/wp\/v2\/categories?post=484"},{"taxonomy":"post_tag","embeddable":true,"href":"https:\/\/evelyne-jardin.fr\/index.php\/wp-json\/wp\/v2\/tags?post=484"}],"curies":[{"name":"wp","href":"https:\/\/api.w.org\/{rel}","templated":true}]}}