{"id":567,"date":"2021-10-12T20:09:46","date_gmt":"2021-10-12T18:09:46","guid":{"rendered":"https:\/\/evelyne-jardin.fr\/?p=567"},"modified":"2021-10-12T20:25:00","modified_gmt":"2021-10-12T18:25:00","slug":"2021-formation-associations","status":"publish","type":"post","link":"https:\/\/evelyne-jardin.fr\/index.php\/2021\/10\/12\/2021-formation-associations\/","title":{"rendered":"2021 : des formations pour les associations"},"content":{"rendered":"\n<h2 class=\"wp-block-heading\">Pour le service Vie associative de la ville de Nanterre, Evelyne Jardin anime des formations \u00e0 la communication num\u00e9rique.<\/h2>\n\n\n\n<p>Depuis 2011, Evelyne Jardin participe au cycle de formation propos\u00e9 par le service <a rel=\"noreferrer noopener\" aria-label=\"Vie associative (s\u2019ouvre dans un nouvel onglet)\" href=\"https:\/\/www.nanterre.fr\/2001-les-formations-pour-les-associations.htm\" target=\"_blank\">Vie associative<\/a> de la ville de Nanterre. Ses formations : D\u00e9finir une strat\u00e9gie de communication, Cr\u00e9er un site (partie 1 et partie 2), Animer un site, Animer des communaut\u00e9s, Amorcer des relations influenceurs.<\/p>\n\n\n\n<figure data-carousel-extra='{\"blog_id\":1,\"permalink\":\"https:\\\/\\\/evelyne-jardin.fr\\\/index.php\\\/2021\\\/10\\\/12\\\/2021-formation-associations\\\/\"}'  class=\"wp-block-gallery columns-3 is-cropped wp-block-gallery-1 is-layout-flex wp-block-gallery-is-layout-flex\"><ul class=\"blocks-gallery-grid\"><li class=\"blocks-gallery-item\"><figure><img data-attachment-id=\"553\" data-permalink=\"https:\/\/evelyne-jardin.fr\/formation-strategie-communication-evelyne-jardin-2021\/\" data-orig-file=\"https:\/\/i0.wp.com\/evelyne-jardin.fr\/wp-content\/uploads\/2021\/10\/formation-strategie-communication-evelyne-jardin-2021.png?fit=1920%2C1080&amp;ssl=1\" data-orig-size=\"1920,1080\" data-comments-opened=\"1\" data-image-meta=\"{&quot;aperture&quot;:&quot;0&quot;,&quot;credit&quot;:&quot;&quot;,&quot;camera&quot;:&quot;&quot;,&quot;caption&quot;:&quot;&quot;,&quot;created_timestamp&quot;:&quot;0&quot;,&quot;copyright&quot;:&quot;&quot;,&quot;focal_length&quot;:&quot;0&quot;,&quot;iso&quot;:&quot;0&quot;,&quot;shutter_speed&quot;:&quot;0&quot;,&quot;title&quot;:&quot;&quot;,&quot;orientation&quot;:&quot;0&quot;}\" data-image-title=\"formation-strategie-communication-evelyne-jardin-2021\" data-image-description=\"\" data-image-caption=\"&lt;p&gt;Cr\u00e9dit : Evelyne Jardin&lt;\/p&gt;\n\" data-medium-file=\"https:\/\/i0.wp.com\/evelyne-jardin.fr\/wp-content\/uploads\/2021\/10\/formation-strategie-communication-evelyne-jardin-2021.png?fit=300%2C169&amp;ssl=1\" data-large-file=\"https:\/\/i0.wp.com\/evelyne-jardin.fr\/wp-content\/uploads\/2021\/10\/formation-strategie-communication-evelyne-jardin-2021.png?fit=1024%2C576&amp;ssl=1\" decoding=\"async\" loading=\"lazy\" width=\"1024\" height=\"576\" src=\"https:\/\/i0.wp.com\/evelyne-jardin.fr\/wp-content\/uploads\/2021\/10\/formation-strategie-communication-evelyne-jardin-2021.png?resize=1024%2C576&#038;ssl=1\" alt=\"\" data-id=\"553\" data-full-url=\"https:\/\/evelyne-jardin.fr\/wp-content\/uploads\/2021\/10\/formation-strategie-communication-evelyne-jardin-2021.png\" data-link=\"https:\/\/evelyne-jardin.fr\/formation-strategie-communication-evelyne-jardin-2021\/\" class=\"wp-image-553\" srcset=\"https:\/\/i0.wp.com\/evelyne-jardin.fr\/wp-content\/uploads\/2021\/10\/formation-strategie-communication-evelyne-jardin-2021.png?resize=1024%2C576&amp;ssl=1 1024w, https:\/\/i0.wp.com\/evelyne-jardin.fr\/wp-content\/uploads\/2021\/10\/formation-strategie-communication-evelyne-jardin-2021.png?resize=300%2C169&amp;ssl=1 300w, https:\/\/i0.wp.com\/evelyne-jardin.fr\/wp-content\/uploads\/2021\/10\/formation-strategie-communication-evelyne-jardin-2021.png?resize=768%2C432&amp;ssl=1 768w, https:\/\/i0.wp.com\/evelyne-jardin.fr\/wp-content\/uploads\/2021\/10\/formation-strategie-communication-evelyne-jardin-2021.png?resize=1536%2C864&amp;ssl=1 1536w, https:\/\/i0.wp.com\/evelyne-jardin.fr\/wp-content\/uploads\/2021\/10\/formation-strategie-communication-evelyne-jardin-2021.png?w=1920&amp;ssl=1 1920w\" sizes=\"(max-width: 1024px) 100vw, 1024px\" data-recalc-dims=\"1\" \/><figcaption class=\"blocks-gallery-item__caption\">Cr\u00e9dit : Evelyne Jardin<\/figcaption><\/figure><\/li><li class=\"blocks-gallery-item\"><figure><img data-attachment-id=\"550\" data-permalink=\"https:\/\/evelyne-jardin.fr\/formation-creer-site-part1-evelyne-jardin-2021\/\" data-orig-file=\"https:\/\/i0.wp.com\/evelyne-jardin.fr\/wp-content\/uploads\/2021\/10\/formation-creer-site-part1-evelyne-jardin-2021.png?fit=1920%2C1080&amp;ssl=1\" data-orig-size=\"1920,1080\" data-comments-opened=\"1\" data-image-meta=\"{&quot;aperture&quot;:&quot;0&quot;,&quot;credit&quot;:&quot;&quot;,&quot;camera&quot;:&quot;&quot;,&quot;caption&quot;:&quot;&quot;,&quot;created_timestamp&quot;:&quot;0&quot;,&quot;copyright&quot;:&quot;&quot;,&quot;focal_length&quot;:&quot;0&quot;,&quot;iso&quot;:&quot;0&quot;,&quot;shutter_speed&quot;:&quot;0&quot;,&quot;title&quot;:&quot;&quot;,&quot;orientation&quot;:&quot;0&quot;}\" data-image-title=\"formation-creer-site-part1-evelyne-jardin-2021\" data-image-description=\"\" data-image-caption=\"&lt;p&gt;Cr\u00e9dit : Evelyne Jardin&lt;\/p&gt;\n\" data-medium-file=\"https:\/\/i0.wp.com\/evelyne-jardin.fr\/wp-content\/uploads\/2021\/10\/formation-creer-site-part1-evelyne-jardin-2021.png?fit=300%2C169&amp;ssl=1\" data-large-file=\"https:\/\/i0.wp.com\/evelyne-jardin.fr\/wp-content\/uploads\/2021\/10\/formation-creer-site-part1-evelyne-jardin-2021.png?fit=1024%2C576&amp;ssl=1\" decoding=\"async\" loading=\"lazy\" width=\"1024\" height=\"576\" src=\"https:\/\/i0.wp.com\/evelyne-jardin.fr\/wp-content\/uploads\/2021\/10\/formation-creer-site-part1-evelyne-jardin-2021.png?resize=1024%2C576&#038;ssl=1\" alt=\"\" data-id=\"550\" data-full-url=\"https:\/\/evelyne-jardin.fr\/wp-content\/uploads\/2021\/10\/formation-creer-site-part1-evelyne-jardin-2021.png\" data-link=\"https:\/\/evelyne-jardin.fr\/formation-creer-site-part1-evelyne-jardin-2021\/\" class=\"wp-image-550\" srcset=\"https:\/\/i0.wp.com\/evelyne-jardin.fr\/wp-content\/uploads\/2021\/10\/formation-creer-site-part1-evelyne-jardin-2021.png?resize=1024%2C576&amp;ssl=1 1024w, https:\/\/i0.wp.com\/evelyne-jardin.fr\/wp-content\/uploads\/2021\/10\/formation-creer-site-part1-evelyne-jardin-2021.png?resize=300%2C169&amp;ssl=1 300w, https:\/\/i0.wp.com\/evelyne-jardin.fr\/wp-content\/uploads\/2021\/10\/formation-creer-site-part1-evelyne-jardin-2021.png?resize=768%2C432&amp;ssl=1 768w, https:\/\/i0.wp.com\/evelyne-jardin.fr\/wp-content\/uploads\/2021\/10\/formation-creer-site-part1-evelyne-jardin-2021.png?resize=1536%2C864&amp;ssl=1 1536w, https:\/\/i0.wp.com\/evelyne-jardin.fr\/wp-content\/uploads\/2021\/10\/formation-creer-site-part1-evelyne-jardin-2021.png?w=1920&amp;ssl=1 1920w\" sizes=\"(max-width: 1024px) 100vw, 1024px\" data-recalc-dims=\"1\" \/><figcaption class=\"blocks-gallery-item__caption\">Cr\u00e9dit : Evelyne Jardin<\/figcaption><\/figure><\/li><li class=\"blocks-gallery-item\"><figure><img data-attachment-id=\"551\" data-permalink=\"https:\/\/evelyne-jardin.fr\/formation-creer-site-part2-evelyne-jardin-2021\/\" data-orig-file=\"https:\/\/i0.wp.com\/evelyne-jardin.fr\/wp-content\/uploads\/2021\/10\/formation-creer-site-part2-evelyne-jardin-2021.png?fit=1920%2C1080&amp;ssl=1\" data-orig-size=\"1920,1080\" data-comments-opened=\"1\" data-image-meta=\"{&quot;aperture&quot;:&quot;0&quot;,&quot;credit&quot;:&quot;&quot;,&quot;camera&quot;:&quot;&quot;,&quot;caption&quot;:&quot;&quot;,&quot;created_timestamp&quot;:&quot;0&quot;,&quot;copyright&quot;:&quot;&quot;,&quot;focal_length&quot;:&quot;0&quot;,&quot;iso&quot;:&quot;0&quot;,&quot;shutter_speed&quot;:&quot;0&quot;,&quot;title&quot;:&quot;&quot;,&quot;orientation&quot;:&quot;0&quot;}\" data-image-title=\"formation-creer-site-part2-evelyne-jardin-2021\" data-image-description=\"\" data-image-caption=\"&lt;p&gt;Cr\u00e9dit : Evelyne Jardin&lt;\/p&gt;\n\" data-medium-file=\"https:\/\/i0.wp.com\/evelyne-jardin.fr\/wp-content\/uploads\/2021\/10\/formation-creer-site-part2-evelyne-jardin-2021.png?fit=300%2C169&amp;ssl=1\" data-large-file=\"https:\/\/i0.wp.com\/evelyne-jardin.fr\/wp-content\/uploads\/2021\/10\/formation-creer-site-part2-evelyne-jardin-2021.png?fit=1024%2C576&amp;ssl=1\" decoding=\"async\" loading=\"lazy\" width=\"1024\" height=\"576\" src=\"https:\/\/i0.wp.com\/evelyne-jardin.fr\/wp-content\/uploads\/2021\/10\/formation-creer-site-part2-evelyne-jardin-2021.png?resize=1024%2C576&#038;ssl=1\" alt=\"\" data-id=\"551\" data-full-url=\"https:\/\/evelyne-jardin.fr\/wp-content\/uploads\/2021\/10\/formation-creer-site-part2-evelyne-jardin-2021.png\" data-link=\"https:\/\/evelyne-jardin.fr\/formation-creer-site-part2-evelyne-jardin-2021\/\" class=\"wp-image-551\" srcset=\"https:\/\/i0.wp.com\/evelyne-jardin.fr\/wp-content\/uploads\/2021\/10\/formation-creer-site-part2-evelyne-jardin-2021.png?resize=1024%2C576&amp;ssl=1 1024w, https:\/\/i0.wp.com\/evelyne-jardin.fr\/wp-content\/uploads\/2021\/10\/formation-creer-site-part2-evelyne-jardin-2021.png?resize=300%2C169&amp;ssl=1 300w, https:\/\/i0.wp.com\/evelyne-jardin.fr\/wp-content\/uploads\/2021\/10\/formation-creer-site-part2-evelyne-jardin-2021.png?resize=768%2C432&amp;ssl=1 768w, https:\/\/i0.wp.com\/evelyne-jardin.fr\/wp-content\/uploads\/2021\/10\/formation-creer-site-part2-evelyne-jardin-2021.png?resize=1536%2C864&amp;ssl=1 1536w, https:\/\/i0.wp.com\/evelyne-jardin.fr\/wp-content\/uploads\/2021\/10\/formation-creer-site-part2-evelyne-jardin-2021.png?w=1920&amp;ssl=1 1920w\" sizes=\"(max-width: 1024px) 100vw, 1024px\" data-recalc-dims=\"1\" \/><figcaption class=\"blocks-gallery-item__caption\">Cr\u00e9dit : Evelyne Jardin<\/figcaption><\/figure><\/li><li class=\"blocks-gallery-item\"><figure><img data-attachment-id=\"552\" data-permalink=\"https:\/\/evelyne-jardin.fr\/formation-relations-influenceurs-evelyne-jardin-2022\/\" data-orig-file=\"https:\/\/i0.wp.com\/evelyne-jardin.fr\/wp-content\/uploads\/2021\/10\/formation-relations-influenceurs-evelyne-jardin-2022.png?fit=1920%2C1080&amp;ssl=1\" data-orig-size=\"1920,1080\" data-comments-opened=\"1\" data-image-meta=\"{&quot;aperture&quot;:&quot;0&quot;,&quot;credit&quot;:&quot;&quot;,&quot;camera&quot;:&quot;&quot;,&quot;caption&quot;:&quot;&quot;,&quot;created_timestamp&quot;:&quot;0&quot;,&quot;copyright&quot;:&quot;&quot;,&quot;focal_length&quot;:&quot;0&quot;,&quot;iso&quot;:&quot;0&quot;,&quot;shutter_speed&quot;:&quot;0&quot;,&quot;title&quot;:&quot;&quot;,&quot;orientation&quot;:&quot;0&quot;}\" data-image-title=\"formation-relations-influenceurs-evelyne-jardin-2022\" data-image-description=\"\" data-image-caption=\"&lt;p&gt;Cr\u00e9dit : Evelyne Jardin&lt;\/p&gt;\n\" data-medium-file=\"https:\/\/i0.wp.com\/evelyne-jardin.fr\/wp-content\/uploads\/2021\/10\/formation-relations-influenceurs-evelyne-jardin-2022.png?fit=300%2C169&amp;ssl=1\" data-large-file=\"https:\/\/i0.wp.com\/evelyne-jardin.fr\/wp-content\/uploads\/2021\/10\/formation-relations-influenceurs-evelyne-jardin-2022.png?fit=1024%2C576&amp;ssl=1\" decoding=\"async\" loading=\"lazy\" width=\"1024\" height=\"576\" src=\"https:\/\/i0.wp.com\/evelyne-jardin.fr\/wp-content\/uploads\/2021\/10\/formation-relations-influenceurs-evelyne-jardin-2022.png?resize=1024%2C576&#038;ssl=1\" alt=\"\" data-id=\"552\" data-full-url=\"https:\/\/evelyne-jardin.fr\/wp-content\/uploads\/2021\/10\/formation-relations-influenceurs-evelyne-jardin-2022.png\" data-link=\"https:\/\/evelyne-jardin.fr\/formation-relations-influenceurs-evelyne-jardin-2022\/\" class=\"wp-image-552\" srcset=\"https:\/\/i0.wp.com\/evelyne-jardin.fr\/wp-content\/uploads\/2021\/10\/formation-relations-influenceurs-evelyne-jardin-2022.png?resize=1024%2C576&amp;ssl=1 1024w, https:\/\/i0.wp.com\/evelyne-jardin.fr\/wp-content\/uploads\/2021\/10\/formation-relations-influenceurs-evelyne-jardin-2022.png?resize=300%2C169&amp;ssl=1 300w, https:\/\/i0.wp.com\/evelyne-jardin.fr\/wp-content\/uploads\/2021\/10\/formation-relations-influenceurs-evelyne-jardin-2022.png?resize=768%2C432&amp;ssl=1 768w, https:\/\/i0.wp.com\/evelyne-jardin.fr\/wp-content\/uploads\/2021\/10\/formation-relations-influenceurs-evelyne-jardin-2022.png?resize=1536%2C864&amp;ssl=1 1536w, https:\/\/i0.wp.com\/evelyne-jardin.fr\/wp-content\/uploads\/2021\/10\/formation-relations-influenceurs-evelyne-jardin-2022.png?w=1920&amp;ssl=1 1920w\" sizes=\"(max-width: 1024px) 100vw, 1024px\" data-recalc-dims=\"1\" \/><figcaption class=\"blocks-gallery-item__caption\">Cr\u00e9dit : Evelyne Jardin<\/figcaption><\/figure><\/li><\/ul><figcaption class=\"blocks-gallery-caption\">Exemples de formation pour les associations<\/figcaption><\/figure>\n\n\n\n<h3 class=\"wp-block-heading\">Et pour d&rsquo;autres&#8230;<\/h3>\n\n\n\n<p>Ayant d\u00e9velopp\u00e9 une expertise dans le domaine de la <a href=\"https:\/\/evelyne-jardin.fr\/index.php\/communication-associative\/\">communication associative<\/a>, Evelyne Jardin intervient pour d&rsquo;autres collectivit\u00e9s territoriales et des associations.<\/p>\n\n\n\n<p>Elle intervient en ligne et en pr\u00e9sentiel pour les parties \u00ab\u00a0atelier pratique\u00a0\u00bb sur poste informatique.<\/p>\n\n\n\n<h3 class=\"wp-block-heading\">Rendez-vous au FNAF<\/h3>\n\n\n\n<p>Vous pouvez rencontrer Evelyne Jardin lors de la 15e \u00e9dition du FNAF (Forum national des associations et des fondations), mercredi 13 octobre 2021 au Palais des Congr\u00e8s de Paris. Elle est invit\u00e9e \u00e0 t\u00e9moigner par <a rel=\"noreferrer noopener\" aria-label=\"Associath\u00e8que (s\u2019ouvre dans un nouvel onglet)\" href=\"https:\/\/www.associatheque.fr\/fr\/forumasso.html\" target=\"_blank\">Associath\u00e8que<\/a>.<\/p>\n\n\n\n<figure class=\"wp-block-embed-twitter wp-block-embed is-type-rich is-provider-twitter\"><div class=\"wp-block-embed__wrapper\">\n<blockquote class=\"twitter-tweet\" data-width=\"550\" data-dnt=\"true\"><p lang=\"fr\" dir=\"ltr\">Ravie de participer <a href=\"https:\/\/twitter.com\/ForumAsso?ref_src=twsrc%5Etfw\">@ForumAsso<\/a> et de t\u00e9moigner pour <a href=\"https:\/\/twitter.com\/associatheque?ref_src=twsrc%5Etfw\">@associatheque<\/a> <a href=\"https:\/\/twitter.com\/hashtag\/FNAF?src=hash&amp;ref_src=twsrc%5Etfw\">#FNAF<\/a> <a href=\"https:\/\/twitter.com\/hashtag\/association?src=hash&amp;ref_src=twsrc%5Etfw\">#association<\/a> <a href=\"https:\/\/twitter.com\/hashtag\/communication?src=hash&amp;ref_src=twsrc%5Etfw\">#communication<\/a> <a href=\"https:\/\/t.co\/A8p9assZwm\">https:\/\/t.co\/A8p9assZwm<\/a><\/p>&mdash; Dr Evelyne Jardin (@EvelyneJardin) <a href=\"https:\/\/twitter.com\/EvelyneJardin\/status\/1446507260256075782?ref_src=twsrc%5Etfw\">October 8, 2021<\/a><\/blockquote><script async src=\"https:\/\/platform.twitter.com\/widgets.js\" charset=\"utf-8\"><\/script>\n<\/div><\/figure>\n","protected":false},"excerpt":{"rendered":"<p>Pour le service Vie associative de la ville de Nanterre, Evelyne Jardin anime des formations \u00e0 la communication num\u00e9rique.<\/p>\n","protected":false},"author":1,"featured_media":553,"comment_status":"closed","ping_status":"closed","sticky":false,"template":"","format":"standard","meta":{"jetpack_post_was_ever_published":false,"_jetpack_newsletter_access":"","footnotes":"","jetpack_publicize_message":"","jetpack_is_tweetstorm":false,"jetpack_publicize_feature_enabled":true,"jetpack_social_post_already_shared":true,"jetpack_social_options":{"image_generator_settings":{"template":"highway","enabled":false}}},"categories":[8],"tags":[59,57],"jetpack_publicize_connections":[],"jetpack_featured_media_url":"https:\/\/i0.wp.com\/evelyne-jardin.fr\/wp-content\/uploads\/2021\/10\/formation-strategie-communication-evelyne-jardin-2021.png?fit=1920%2C1080&ssl=1","jetpack_sharing_enabled":true,"jetpack_shortlink":"https:\/\/wp.me\/p9icIM-99","jetpack-related-posts":[{"id":481,"url":"https:\/\/evelyne-jardin.fr\/index.php\/2020\/01\/01\/janvier-2020-formations-communication-association\/","url_meta":{"origin":567,"position":0},"title":"D\u00e9but 2020, formations \u00e0 la communication","author":"Evelyne","date":"1 janvier 2020","format":false,"excerpt":"Dates des formations d'Evelyne Jardin en janvier, f\u00e9vrier et mars 2020. Pour les associations de Nanterre.","rel":"","context":"Dans &quot;Actualit\u00e9s&quot;","block_context":{"text":"Actualit\u00e9s","link":"https:\/\/evelyne-jardin.fr\/index.php\/category\/actualites\/"},"img":{"alt_text":"","src":"https:\/\/i0.wp.com\/evelyne-jardin.fr\/wp-content\/uploads\/2020\/01\/logo-lef.png?fit=808%2C750&ssl=1&resize=350%2C200","width":350,"height":200,"srcset":"https:\/\/i0.wp.com\/evelyne-jardin.fr\/wp-content\/uploads\/2020\/01\/logo-lef.png?fit=808%2C750&ssl=1&resize=350%2C200 1x, https:\/\/i0.wp.com\/evelyne-jardin.fr\/wp-content\/uploads\/2020\/01\/logo-lef.png?fit=808%2C750&ssl=1&resize=525%2C300 1.5x, https:\/\/i0.wp.com\/evelyne-jardin.fr\/wp-content\/uploads\/2020\/01\/logo-lef.png?fit=808%2C750&ssl=1&resize=700%2C400 2x"},"classes":[]},{"id":484,"url":"https:\/\/evelyne-jardin.fr\/index.php\/2020\/01\/01\/chronologie-projets-tuteures-universite-nanterre\/","url_meta":{"origin":567,"position":1},"title":"Petite chronologie des projets tuteur\u00e9s","author":"Evelyne","date":"1 janvier 2020","format":false,"excerpt":"Depuis 2015, Evelyne Jardin pilote les projets tuteur\u00e9s d'\u00e9tudiants en Master 1 Humanit\u00e9s et Industries Cr\u00e9atives \u00e0 l'universit\u00e9 Paris Nanterre.","rel":"","context":"Dans &quot;Actualit\u00e9s&quot;","block_context":{"text":"Actualit\u00e9s","link":"https:\/\/evelyne-jardin.fr\/index.php\/category\/actualites\/"},"img":{"alt_text":"Image de l'exposition Women In Num\u00e9rique","src":"https:\/\/i0.wp.com\/evelyne-jardin.fr\/wp-content\/uploads\/2017\/12\/BANNIERE-TWITTER-WIN.png?fit=1200%2C400&ssl=1&resize=350%2C200","width":350,"height":200,"srcset":"https:\/\/i0.wp.com\/evelyne-jardin.fr\/wp-content\/uploads\/2017\/12\/BANNIERE-TWITTER-WIN.png?fit=1200%2C400&ssl=1&resize=350%2C200 1x, https:\/\/i0.wp.com\/evelyne-jardin.fr\/wp-content\/uploads\/2017\/12\/BANNIERE-TWITTER-WIN.png?fit=1200%2C400&ssl=1&resize=525%2C300 1.5x, https:\/\/i0.wp.com\/evelyne-jardin.fr\/wp-content\/uploads\/2017\/12\/BANNIERE-TWITTER-WIN.png?fit=1200%2C400&ssl=1&resize=700%2C400 2x, https:\/\/i0.wp.com\/evelyne-jardin.fr\/wp-content\/uploads\/2017\/12\/BANNIERE-TWITTER-WIN.png?fit=1200%2C400&ssl=1&resize=1050%2C600 3x"},"classes":[]},{"id":500,"url":"https:\/\/evelyne-jardin.fr\/index.php\/2020\/01\/01\/2019-mes-articles-sur-la-communication-des-associations\/","url_meta":{"origin":567,"position":2},"title":"2019 : des articles sur la communication des associations","author":"Evelyne","date":"1 janvier 2020","format":false,"excerpt":"Petit coup de projecteur sur tous les articles publi\u00e9s par Evelyne Jardin, en 2019, pour le site Associath\u00e8que.","rel":"","context":"Dans &quot;Actualit\u00e9s&quot;","block_context":{"text":"Actualit\u00e9s","link":"https:\/\/evelyne-jardin.fr\/index.php\/category\/actualites\/"},"img":{"alt_text":"","src":"","width":0,"height":0},"classes":[]},{"id":112,"url":"https:\/\/evelyne-jardin.fr\/index.php\/2017\/10\/14\/seance-de-dedicace\/","url_meta":{"origin":567,"position":3},"title":"S\u00e9ance de d\u00e9dicace","author":"evelyne Jardin","date":"14 octobre 2017","format":false,"excerpt":"Rendez-vous mercredi 18 octobre 2017 entre 10h45 et 11h15, au Forum national des associations, sur le stand des \u00e9ditions Dalloz pour une s\u00e9ance de d\u00e9dicace. Pour la parution de l'ouvrage Bien communiquer sur le Web, Dr Evelyne Jardin et les \u00e9ditions Dalloz sont heureux de vous recevoir au 12e Forum\u2026","rel":"","context":"Dans &quot;Actualit\u00e9s&quot;","block_context":{"text":"Actualit\u00e9s","link":"https:\/\/evelyne-jardin.fr\/index.php\/category\/actualites\/"},"img":{"alt_text":"","src":"","width":0,"height":0},"classes":[]},{"id":295,"url":"https:\/\/evelyne-jardin.fr\/index.php\/2017\/10\/15\/evelyne-jardin-souhaite-bienvenue\/","url_meta":{"origin":567,"position":4},"title":"Evelyne Jardin vous souhaite la bienvenue","author":"evelyne Jardin","date":"15 octobre 2017","format":false,"excerpt":"On conna\u00eet l'adage : les cordonniers sont toujours les plus mal chauss\u00e9s ! Voici, enfin, le site d'Evelyne Jardin fait maison Mes prestations Vous y trouverez l'ensemble de mes prestations : des formations en communication \u00e0 la r\u00e9daction en passant par l'ing\u00e9nierie de formation. Membres d'association, \u00e9tudiants en Master ou\u2026","rel":"","context":"Dans &quot;Actualit\u00e9s&quot;","block_context":{"text":"Actualit\u00e9s","link":"https:\/\/evelyne-jardin.fr\/index.php\/category\/actualites\/"},"img":{"alt_text":"Photo portrait d'Evelyne Jardin","src":"https:\/\/i0.wp.com\/evelyne-jardin.fr\/wp-content\/uploads\/2017\/05\/Evelyne-Jardin.jpg?fit=680%2C1020&ssl=1&resize=350%2C200","width":350,"height":200,"srcset":"https:\/\/i0.wp.com\/evelyne-jardin.fr\/wp-content\/uploads\/2017\/05\/Evelyne-Jardin.jpg?fit=680%2C1020&ssl=1&resize=350%2C200 1x, https:\/\/i0.wp.com\/evelyne-jardin.fr\/wp-content\/uploads\/2017\/05\/Evelyne-Jardin.jpg?fit=680%2C1020&ssl=1&resize=525%2C300 1.5x"},"classes":[]},{"id":428,"url":"https:\/\/evelyne-jardin.fr\/index.php\/2018\/10\/10\/dedicace-forum-national-des-associations\/","url_meta":{"origin":567,"position":5},"title":"D\u00e9dicace au forum national des associations","author":"Evelyne","date":"10 octobre 2018","format":false,"excerpt":"A l'occasion du FNAF, venez me rencontrer sur 2 stands : celui des \u00e9ditions Juris Associations et celui d'Associath\u00e8que. Alors, \u00e0 mercredi 17 octobre 2018, l'apr\u00e8s-midi ! D\u00e9dicace Pendant le FNAF (Forum national des associations et des fondations), Juris Associations propose des s\u00e9ances de d\u00e9dicace. J'aurai le plaisir de d\u00e9dicacer\u2026","rel":"","context":"Dans &quot;Actualit\u00e9s&quot;","block_context":{"text":"Actualit\u00e9s","link":"https:\/\/evelyne-jardin.fr\/index.php\/category\/actualites\/"},"img":{"alt_text":"La banni\u00e8re du FNAF 2018","src":"https:\/\/i0.wp.com\/evelyne-jardin.fr\/wp-content\/uploads\/2018\/10\/banniere-fnaf-2018.png?fit=1200%2C606&ssl=1&resize=350%2C200","width":350,"height":200,"srcset":"https:\/\/i0.wp.com\/evelyne-jardin.fr\/wp-content\/uploads\/2018\/10\/banniere-fnaf-2018.png?fit=1200%2C606&ssl=1&resize=350%2C200 1x, https:\/\/i0.wp.com\/evelyne-jardin.fr\/wp-content\/uploads\/2018\/10\/banniere-fnaf-2018.png?fit=1200%2C606&ssl=1&resize=525%2C300 1.5x, https:\/\/i0.wp.com\/evelyne-jardin.fr\/wp-content\/uploads\/2018\/10\/banniere-fnaf-2018.png?fit=1200%2C606&ssl=1&resize=700%2C400 2x, https:\/\/i0.wp.com\/evelyne-jardin.fr\/wp-content\/uploads\/2018\/10\/banniere-fnaf-2018.png?fit=1200%2C606&ssl=1&resize=1050%2C600 3x"},"classes":[]}],"_links":{"self":[{"href":"https:\/\/evelyne-jardin.fr\/index.php\/wp-json\/wp\/v2\/posts\/567"}],"collection":[{"href":"https:\/\/evelyne-jardin.fr\/index.php\/wp-json\/wp\/v2\/posts"}],"about":[{"href":"https:\/\/evelyne-jardin.fr\/index.php\/wp-json\/wp\/v2\/types\/post"}],"author":[{"embeddable":true,"href":"https:\/\/evelyne-jardin.fr\/index.php\/wp-json\/wp\/v2\/users\/1"}],"replies":[{"embeddable":true,"href":"https:\/\/evelyne-jardin.fr\/index.php\/wp-json\/wp\/v2\/comments?post=567"}],"version-history":[{"count":4,"href":"https:\/\/evelyne-jardin.fr\/index.php\/wp-json\/wp\/v2\/posts\/567\/revisions"}],"predecessor-version":[{"id":574,"href":"https:\/\/evelyne-jardin.fr\/index.php\/wp-json\/wp\/v2\/posts\/567\/revisions\/574"}],"wp:featuredmedia":[{"embeddable":true,"href":"https:\/\/evelyne-jardin.fr\/index.php\/wp-json\/wp\/v2\/media\/553"}],"wp:attachment":[{"href":"https:\/\/evelyne-jardin.fr\/index.php\/wp-json\/wp\/v2\/media?parent=567"}],"wp:term":[{"taxonomy":"category","embeddable":true,"href":"https:\/\/evelyne-jardin.fr\/index.php\/wp-json\/wp\/v2\/categories?post=567"},{"taxonomy":"post_tag","embeddable":true,"href":"https:\/\/evelyne-jardin.fr\/index.php\/wp-json\/wp\/v2\/tags?post=567"}],"curies":[{"name":"wp","href":"https:\/\/api.w.org\/{rel}","templated":true}]}}